{"id":1005,"date":"2023-07-03T14:55:06","date_gmt":"2023-07-03T12:55:06","guid":{"rendered":"https:\/\/palleja.com\/?p=1005"},"modified":"2023-07-03T14:55:06","modified_gmt":"2023-07-03T12:55:06","slug":"el-gobierno-refuerza-el-derecho-a-la-conciliacion-y-la-proteccion-a-las-personas-trabajadoras","status":"publish","type":"post","link":"https:\/\/palleja.com\/es\/2023\/07\/03\/el-gobierno-refuerza-el-derecho-a-la-conciliacion-y-la-proteccion-a-las-personas-trabajadoras\/","title":{"rendered":"El Gobierno refuerza el derecho a la conciliaci\u00f3n y la protecci\u00f3n a las personas trabajadoras"},"content":{"rendered":"\r\n\r\nEl Consejo de Ministros del 27\/06 ha aprobado el Real Decreto-ley por el que se adoptan y prorrogan determinadas medidas de respuesta a las consecuencias econ\u00f3micas y sociales de la Guerra de Ucrania, de apoyo a la reconstrucci\u00f3n de la isla de La Palma ya otras situaciones de vulnerabilidad; de transposici\u00f3n de Directivas de la Uni\u00f3n Europea en materia de modificaciones estructurales de sociedades mercantiles y conciliaci\u00f3n de la vida familiar y la vida profesional de los progenitores y cuidadores; y de ejecuci\u00f3n y cumplimiento del Derecho de la Uni\u00f3n Europea.\r\n\r\n \r\n<ul class=\"wp-block-list\">\r\n \t<li style=\"list-style-type: none;\">\r\n<ul><\/ul>\r\n<\/li>\r\n \t<li>El texto recoge un nuevo permiso parental para el cuidado de hijo o menor acogido por un tiempo superior a un a\u00f1o, que se podr\u00e1 disfrutar hasta que el menor cumpla 8 a\u00f1os<\/li>\r\n \t<li>La norma contempla permisos retribuidos de 5 d\u00edas en caso de accidente o enfermedad graves y de 4 d\u00edas en casos de fuerza mayor<\/li>\r\n \t<li>Se ampl\u00eda el derecho a la adaptaci\u00f3n de jornada para el cuidado de hijos o de personas con discapacidad<\/li>\r\n \t<li>Adem\u00e1s, se establecen garant\u00edas para que las personas trabajadoras no puedan sufrir perjuicios como consecuencia del ejercicio de estos nuevos derechos de conciliaci\u00f3n<\/li>\r\n \t<li>Se prorrogan los ERTE de La Palma hasta el 31 de diciembre de 2023<\/li>\r\n \t<li>Tambi\u00e9n se extiende hasta finales de 2023 la prohibici\u00f3n del despido en las empresas beneficiarias de ayudas p\u00fablicas.<\/li>\r\n<\/ul>\r\n\r\n\r\n \r\n\r\nNota de prensa:\r\n\r\n \r\n<div class=\"wp-block-buttons is-layout-flex wp-block-buttons-is-layout-flex\">\r\n\r\n\r\n<div class=\"wp-block-button\"><a href=\"https:\/\/palleja.com\/wp-content\/uploads\/2023\/07\/Medidas_CM_1688018291.pdf\" target=\"_blank\" rel=\"noopener noreferrer\">+ info<\/a><\/div>\r\n\r\n\r\n<\/div>\r\n","protected":false},"excerpt":{"rendered":"<p>El Consejo de Ministros del 27\/06 ha aprobado el Real Decreto-ley por el que se adoptan y prorrogan determinadas medidas de respuesta a las consecuencias econ\u00f3micas y sociales de la Guerra de Ucrania, de apoyo a la reconstrucci\u00f3n de la isla de La Palma ya otras situaciones de vulnerabilidad; de transposici\u00f3n de Directivas de la Uni\u00f3n Europea en materia de modificaciones estructurales de sociedades mercantiles y conciliaci\u00f3n de la vida familiar y la vida profesional de los progenitores y cuidadores<\/p>\n","protected":false},"author":1,"featured_media":1006,"comment_status":"open","ping_status":"open","sticky":false,"template":"","format":"standard","meta":{"footnotes":""},"categories":[5],"tags":[],"class_list":["post-1005","post","type-post","status-publish","format-standard","has-post-thumbnail","hentry","category-sin-categorizar"],"_links":{"self":[{"href":"https:\/\/palleja.com\/es\/wp-json\/wp\/v2\/posts\/1005","targetHints":{"allow":["GET"]}}],"collection":[{"href":"https:\/\/palleja.com\/es\/wp-json\/wp\/v2\/posts"}],"about":[{"href":"https:\/\/palleja.com\/es\/wp-json\/wp\/v2\/types\/post"}],"author":[{"embeddable":true,"href":"https:\/\/palleja.com\/es\/wp-json\/wp\/v2\/users\/1"}],"replies":[{"embeddable":true,"href":"https:\/\/palleja.com\/es\/wp-json\/wp\/v2\/comments?post=1005"}],"version-history":[{"count":1,"href":"https:\/\/palleja.com\/es\/wp-json\/wp\/v2\/posts\/1005\/revisions"}],"predecessor-version":[{"id":1010,"href":"https:\/\/palleja.com\/es\/wp-json\/wp\/v2\/posts\/1005\/revisions\/1010"}],"wp:featuredmedia":[{"embeddable":true,"href":"https:\/\/palleja.com\/es\/wp-json\/wp\/v2\/media\/1006"}],"wp:attachment":[{"href":"https:\/\/palleja.com\/es\/wp-json\/wp\/v2\/media?parent=1005"}],"wp:term":[{"taxonomy":"category","embeddable":true,"href":"https:\/\/palleja.com\/es\/wp-json\/wp\/v2\/categories?post=1005"},{"taxonomy":"post_tag","embeddable":true,"href":"https:\/\/palleja.com\/es\/wp-json\/wp\/v2\/tags?post=1005"}],"curies":[{"name":"wp","href":"https:\/\/api.w.org\/{rel}","templated":true}]}}