{"id":155,"date":"2018-10-30T07:30:21","date_gmt":"2018-10-30T05:30:21","guid":{"rendered":"https:\/\/palleja.com\/?p=155"},"modified":"2020-04-17T01:20:23","modified_gmt":"2020-04-16T23:20:23","slug":"los-discapacitados-intelectuales-consiguen-no-perder-el-voto-si-se-les-incapacita","status":"publish","type":"post","link":"https:\/\/palleja.com\/es\/2018\/10\/30\/los-discapacitados-intelectuales-consiguen-no-perder-el-voto-si-se-les-incapacita\/","title":{"rendered":"Los discapacitados intelectuales consiguen no perder el voto si se les incapacita"},"content":{"rendered":"<p>Los discapacitados intelectuales consiguen no perder el voto si se les incapacita. Hasta ahora, cuando la familia ped\u00eda la incapacitaci\u00f3n, perd\u00edan autom\u00e1ticamente este derecho.<\/p>\n<p>El Congreso ha salido adelante, por unanimidad, una reforma de la ley electoral para que los incapacitados legalmente por un juez puedan votar.<\/p>\n<p>Hasta ahora, cuando la familia de discapacitados intelectuales, personas con alguna enfermedad mental o un deterioro cognitivo ped\u00eda la incapacitaci\u00f3n perd\u00edan autom\u00e1ticamente este derecho.<\/p>\n<p>En toda Espa\u00f1a son 100.000 personas incapacitadas judicialmente, que en las pr\u00f3ximas elecciones podr\u00e1n votar.<\/p>\n<p><a href=\"http:\/\/www.ccma.cat\/324\/els-discapacitats-intel-lectuals-aconsegueixen-no-perdre-el-vot-si-se-ls-incapacita\/noticia\/2881653\" target=\"_blank\" rel=\"noopener noreferrer\">Ver noticia<\/a><\/p>\n","protected":false},"excerpt":{"rendered":"<p>Los discapacitados intelectuales consiguen no perder el voto si se les incapacita. Hasta ahora, cuando la familia ped\u00eda la incapacitaci\u00f3n, perd\u00edan autom\u00e1ticamente este derecho. El Congreso ha salido adelante, por unanimidad, una reforma de la ley electoral para que los incapacitados legalmente por un juez&#8230;<\/p>\n","protected":false},"author":1,"featured_media":157,"comment_status":"open","ping_status":"open","sticky":false,"template":"","format":"standard","meta":{"footnotes":""},"categories":[5],"tags":[],"class_list":["post-155","post","type-post","status-publish","format-standard","has-post-thumbnail","hentry","category-sin-categorizar"],"_links":{"self":[{"href":"https:\/\/palleja.com\/es\/wp-json\/wp\/v2\/posts\/155","targetHints":{"allow":["GET"]}}],"collection":[{"href":"https:\/\/palleja.com\/es\/wp-json\/wp\/v2\/posts"}],"about":[{"href":"https:\/\/palleja.com\/es\/wp-json\/wp\/v2\/types\/post"}],"author":[{"embeddable":true,"href":"https:\/\/palleja.com\/es\/wp-json\/wp\/v2\/users\/1"}],"replies":[{"embeddable":true,"href":"https:\/\/palleja.com\/es\/wp-json\/wp\/v2\/comments?post=155"}],"version-history":[{"count":1,"href":"https:\/\/palleja.com\/es\/wp-json\/wp\/v2\/posts\/155\/revisions"}],"predecessor-version":[{"id":156,"href":"https:\/\/palleja.com\/es\/wp-json\/wp\/v2\/posts\/155\/revisions\/156"}],"wp:featuredmedia":[{"embeddable":true,"href":"https:\/\/palleja.com\/es\/wp-json\/wp\/v2\/media\/157"}],"wp:attachment":[{"href":"https:\/\/palleja.com\/es\/wp-json\/wp\/v2\/media?parent=155"}],"wp:term":[{"taxonomy":"category","embeddable":true,"href":"https:\/\/palleja.com\/es\/wp-json\/wp\/v2\/categories?post=155"},{"taxonomy":"post_tag","embeddable":true,"href":"https:\/\/palleja.com\/es\/wp-json\/wp\/v2\/tags?post=155"}],"curies":[{"name":"wp","href":"https:\/\/api.w.org\/{rel}","templated":true}]}}