{"id":443,"date":"2020-06-23T18:57:21","date_gmt":"2020-06-23T16:57:21","guid":{"rendered":"https:\/\/palleja.com\/?p=443"},"modified":"2020-06-30T03:04:44","modified_gmt":"2020-06-30T01:04:44","slug":"calendario-laboral-del-ano-2021","status":"publish","type":"post","link":"https:\/\/palleja.com\/es\/2020\/06\/23\/calendario-laboral-del-ano-2021\/","title":{"rendered":"Calendario laboral del a\u00f1o 2021"},"content":{"rendered":"<p>El Consejo de Relaciones Laborales ha aprobado los festivos laborales del a\u00f1o 2021, que pronto se publicar\u00e1n en el DOGC. Te las avanzamos.<\/p>\n<p><strong>Ser\u00e1n fiestas laborales en Catalu\u00f1a durante el a\u00f1o 2021:<\/strong><\/p>\n<ul>\n<li>1 de enero (A\u00f1o Nuevo), viernes<\/li>\n<li>6 de enero (Reyes), mi\u00e9rcoles<\/li>\n<li>2 de abril (Viernes Santo), viernes<\/li>\n<li>5 de abril (Lunes de Pascua), lunes<\/li>\n<li>1 de mayo (Fiesta del Trabajo), s\u00e1bado<\/li>\n<li>24 de junio (San Juan), jueves<\/li>\n<li>11 de septiembre (D\u00eda Nacional de Catalu\u00f1a), s\u00e1bado<\/li>\n<li>12 de octubre (Fiesta Nacional de Espa\u00f1a), martes<\/li>\n<li>1 de noviembre (Todos los Santos), lunes<\/li>\n<li>6 de diciembre (D\u00eda de la Constituci\u00f3n), el lunes<\/li>\n<li>8 de diciembre (La Inmaculada), mi\u00e9rcoles<\/li>\n<li>25 de diciembre (Navidad), s\u00e1bado<\/li>\n<\/ul>\n<p><strong>En el territorio de Ar\u00e1n<\/strong>, de acuerdo con el Decreto 152\/1997, de 25 de junio, y el Decreto 146\/1998, de 23 de junio, que modifican el Decreto 177\/1980, de 3 de octubre, sobre el calendario de fiestas fijas y suplentes,<\/p>\n<ul>\n<li>La fiesta del d\u00eda 5 de abril (Lunes de Pascua) queda sustituida por la de 17 de junio (Fiesta de Aran), jueves.<\/li>\n<\/ul>\n<p>Fuente: <a href=\"https:\/\/www.pimec.org\/ca\/institucio\/actualitat\/noticies\/calendari-festes-laborals-lany-2021#.Xu4_EEJ9oEY.email\" target=\"_blank\" rel=\"noopener noreferrer\">Pimec.org<\/a><\/p>\n","protected":false},"excerpt":{"rendered":"<p>El Consejo de Relaciones Laborales ha aprobado los festivos laborales del a\u00f1o 2021, que pronto se publicar\u00e1n en el DOGC. Te las avanzamos.<\/p>\n","protected":false},"author":1,"featured_media":442,"comment_status":"open","ping_status":"open","sticky":false,"template":"","format":"standard","meta":{"footnotes":""},"categories":[5],"tags":[],"class_list":["post-443","post","type-post","status-publish","format-standard","has-post-thumbnail","hentry","category-sin-categorizar"],"_links":{"self":[{"href":"https:\/\/palleja.com\/es\/wp-json\/wp\/v2\/posts\/443","targetHints":{"allow":["GET"]}}],"collection":[{"href":"https:\/\/palleja.com\/es\/wp-json\/wp\/v2\/posts"}],"about":[{"href":"https:\/\/palleja.com\/es\/wp-json\/wp\/v2\/types\/post"}],"author":[{"embeddable":true,"href":"https:\/\/palleja.com\/es\/wp-json\/wp\/v2\/users\/1"}],"replies":[{"embeddable":true,"href":"https:\/\/palleja.com\/es\/wp-json\/wp\/v2\/comments?post=443"}],"version-history":[{"count":2,"href":"https:\/\/palleja.com\/es\/wp-json\/wp\/v2\/posts\/443\/revisions"}],"predecessor-version":[{"id":446,"href":"https:\/\/palleja.com\/es\/wp-json\/wp\/v2\/posts\/443\/revisions\/446"}],"wp:featuredmedia":[{"embeddable":true,"href":"https:\/\/palleja.com\/es\/wp-json\/wp\/v2\/media\/442"}],"wp:attachment":[{"href":"https:\/\/palleja.com\/es\/wp-json\/wp\/v2\/media?parent=443"}],"wp:term":[{"taxonomy":"category","embeddable":true,"href":"https:\/\/palleja.com\/es\/wp-json\/wp\/v2\/categories?post=443"},{"taxonomy":"post_tag","embeddable":true,"href":"https:\/\/palleja.com\/es\/wp-json\/wp\/v2\/tags?post=443"}],"curies":[{"name":"wp","href":"https:\/\/api.w.org\/{rel}","templated":true}]}}