{"id":523,"date":"2020-11-06T00:31:50","date_gmt":"2020-11-05T23:31:50","guid":{"rendered":"https:\/\/palleja.com\/?p=523"},"modified":"2020-11-06T00:31:50","modified_gmt":"2020-11-05T23:31:50","slug":"calendario-laboral-para-2021-boe","status":"publish","type":"post","link":"https:\/\/palleja.com\/es\/2020\/11\/06\/calendario-laboral-para-2021-boe\/","title":{"rendered":"Calendario laboral para 2021 BOE"},"content":{"rendered":"<p>El BOE ha publicado la\u00a0<a href=\"https:\/\/www.boe.es\/boe\/dias\/2020\/11\/02\/pdfs\/BOE-A-2020-13343.pdf\" target=\"_blank\" rel=\"noopener noreferrer\">Resoluci\u00f3n de 28 de octubre de 2020, de la Direcci\u00f3n General de Trabajo, por la que se publica la relaci\u00f3n de fiestas laborales para el a\u00f1o 2021<\/a>\u00a0que recoge las fiestas laborales previstas para el pr\u00f3ximo a\u00f1o.<\/p>\n<p>Ser\u00e1n festivos comunes en toda Espa\u00f1a los siguientes ocho d\u00edas festivos retribuidos y no recuperables:<\/p>\n<ul>\n<li>Viernes 1 de enero (A\u00f1o Nuevo)<\/li>\n<li>Viernes 2 de abril (Viernes Santo)<\/li>\n<li>S\u00e1bado 1 de mayo (Fiesta del Trabajo)<\/li>\n<li>Martes 12 de octubre (Fiesta Nacional de Espa\u00f1a)<\/li>\n<li>Lunes 1 de noviembre (Todos los Santos)<\/li>\n<li>Lunes 6 de diciembre (D\u00eda de la Constituci\u00f3n Espa\u00f1ola)<\/li>\n<li>Mi\u00e9rcoles 8 de diciembre (Inmaculada Concepci\u00f3n)<\/li>\n<li>S\u00e1bado 25 de diciembre (Natividad del Se\u00f1or)<\/li>\n<\/ul>\n<p>A estos ocho d\u00edas festivos de car\u00e1cter nacional, se suman los cuatro d\u00edas que se fijan por las comunidades aut\u00f3nomas, que figuran en el calendario anexo a la resoluci\u00f3n \u2013entre ellos, el 6 de enero que ha sido establecido por todas las comunidades aut\u00f3nomas\u2013, a los que se a\u00f1adir\u00e1n los dos d\u00edas de car\u00e1cter local que ser\u00e1n fijados por los ayuntamientos.<\/p>\n","protected":false},"excerpt":{"rendered":"<p>El BOE ha publicado la\u00a0Resoluci\u00f3n de 28 de octubre de 2020, de la Direcci\u00f3n General de Trabajo, por la que se publica la relaci\u00f3n de fiestas laborales para el a\u00f1o 2021\u00a0que recoge las fiestas laborales previstas para el pr\u00f3ximo a\u00f1o.<\/p>\n","protected":false},"author":1,"featured_media":442,"comment_status":"open","ping_status":"open","sticky":false,"template":"","format":"standard","meta":{"footnotes":""},"categories":[5],"tags":[],"class_list":["post-523","post","type-post","status-publish","format-standard","has-post-thumbnail","hentry","category-sin-categorizar"],"_links":{"self":[{"href":"https:\/\/palleja.com\/es\/wp-json\/wp\/v2\/posts\/523","targetHints":{"allow":["GET"]}}],"collection":[{"href":"https:\/\/palleja.com\/es\/wp-json\/wp\/v2\/posts"}],"about":[{"href":"https:\/\/palleja.com\/es\/wp-json\/wp\/v2\/types\/post"}],"author":[{"embeddable":true,"href":"https:\/\/palleja.com\/es\/wp-json\/wp\/v2\/users\/1"}],"replies":[{"embeddable":true,"href":"https:\/\/palleja.com\/es\/wp-json\/wp\/v2\/comments?post=523"}],"version-history":[{"count":1,"href":"https:\/\/palleja.com\/es\/wp-json\/wp\/v2\/posts\/523\/revisions"}],"predecessor-version":[{"id":524,"href":"https:\/\/palleja.com\/es\/wp-json\/wp\/v2\/posts\/523\/revisions\/524"}],"wp:featuredmedia":[{"embeddable":true,"href":"https:\/\/palleja.com\/es\/wp-json\/wp\/v2\/media\/442"}],"wp:attachment":[{"href":"https:\/\/palleja.com\/es\/wp-json\/wp\/v2\/media?parent=523"}],"wp:term":[{"taxonomy":"category","embeddable":true,"href":"https:\/\/palleja.com\/es\/wp-json\/wp\/v2\/categories?post=523"},{"taxonomy":"post_tag","embeddable":true,"href":"https:\/\/palleja.com\/es\/wp-json\/wp\/v2\/tags?post=523"}],"curies":[{"name":"wp","href":"https:\/\/api.w.org\/{rel}","templated":true}]}}