{"id":724,"date":"2021-10-27T21:51:11","date_gmt":"2021-10-27T19:51:11","guid":{"rendered":"https:\/\/palleja.com\/?p=724"},"modified":"2021-10-27T21:51:11","modified_gmt":"2021-10-27T19:51:11","slug":"incremento-del-salario-minimo-interprofesional","status":"publish","type":"post","link":"https:\/\/palleja.com\/es\/2021\/10\/27\/incremento-del-salario-minimo-interprofesional\/","title":{"rendered":"Incremento del salario m\u00ednimo interprofesional"},"content":{"rendered":"<p>En cumplimiento del mandato del Gobierno para fijar anualmente el salario m\u00ednimo interprofesional (SMI), contenido en el art\u00edculo 27.1 del Estatuto de los Trabajadores, se ha aprobado el Real Decreto 817\/2021, de 28 de septiembre, por el que se fija el salario m\u00ednimo interprofesional con efectos de este mes de septiembre de 2021, tanto para los trabajadores fijos como para los eventuales o temporales, as\u00ed como para los trabajadores del hogar.<\/p>\n<p>La subida, con car\u00e1cter <strong>retroactivo el 1 de septiembre<\/strong>, supone un incremento del 1,579% m\u00e1s que en 2020. Las nuevas cuant\u00edas del SMI ser\u00e1n de 32,17 euros al d\u00eda o 965 euros al mes, seg\u00fan el salario queda fijado por d\u00edas o meses. Esto significa que el <strong>c\u00f3mputo anual<\/strong> del SMI no podr\u00e1 ser inferior a <strong>13.510 euros<\/strong>.<\/p>\n<p>Hablamos de 965 euros mensuales en caso de que el salario se abone en 14 pagas, y de 1.125,83 euros al mes si el pago del salario fuese en 12 pagas.<\/p>\n","protected":false},"excerpt":{"rendered":"<p>Se ha aprobado el Real Decreto 817\/2021, de 28 de septiembre, por el que se fija el salario m\u00ednimo interprofesional.<\/p>\n","protected":false},"author":1,"featured_media":719,"comment_status":"open","ping_status":"open","sticky":false,"template":"","format":"standard","meta":{"footnotes":""},"categories":[5],"tags":[],"class_list":["post-724","post","type-post","status-publish","format-standard","has-post-thumbnail","hentry","category-sin-categorizar"],"_links":{"self":[{"href":"https:\/\/palleja.com\/es\/wp-json\/wp\/v2\/posts\/724","targetHints":{"allow":["GET"]}}],"collection":[{"href":"https:\/\/palleja.com\/es\/wp-json\/wp\/v2\/posts"}],"about":[{"href":"https:\/\/palleja.com\/es\/wp-json\/wp\/v2\/types\/post"}],"author":[{"embeddable":true,"href":"https:\/\/palleja.com\/es\/wp-json\/wp\/v2\/users\/1"}],"replies":[{"embeddable":true,"href":"https:\/\/palleja.com\/es\/wp-json\/wp\/v2\/comments?post=724"}],"version-history":[{"count":1,"href":"https:\/\/palleja.com\/es\/wp-json\/wp\/v2\/posts\/724\/revisions"}],"predecessor-version":[{"id":725,"href":"https:\/\/palleja.com\/es\/wp-json\/wp\/v2\/posts\/724\/revisions\/725"}],"wp:featuredmedia":[{"embeddable":true,"href":"https:\/\/palleja.com\/es\/wp-json\/wp\/v2\/media\/719"}],"wp:attachment":[{"href":"https:\/\/palleja.com\/es\/wp-json\/wp\/v2\/media?parent=724"}],"wp:term":[{"taxonomy":"category","embeddable":true,"href":"https:\/\/palleja.com\/es\/wp-json\/wp\/v2\/categories?post=724"},{"taxonomy":"post_tag","embeddable":true,"href":"https:\/\/palleja.com\/es\/wp-json\/wp\/v2\/tags?post=724"}],"curies":[{"name":"wp","href":"https:\/\/api.w.org\/{rel}","templated":true}]}}