{"id":813,"date":"2022-01-17T21:58:20","date_gmt":"2022-01-17T20:58:20","guid":{"rendered":"https:\/\/palleja.com\/?p=813"},"modified":"2022-01-17T21:58:20","modified_gmt":"2022-01-17T20:58:20","slug":"medidas-urgentes-para-la-reduccion-de-la-temporalidad-en-el-sector-publico","status":"publish","type":"post","link":"https:\/\/palleja.com\/es\/2022\/01\/17\/medidas-urgentes-para-la-reduccion-de-la-temporalidad-en-el-sector-publico\/","title":{"rendered":"Medidas urgentes para la reducci\u00f3n de la temporalidad en el sector p\u00fablico"},"content":{"rendered":"<p>Se ha aprobado la Ley 20\/2021, de 28 de diciembre, de medidas urgentes para la reducci\u00f3n de la temporalidad en el sector p\u00fablico, que introduce una serie de medidas para la reducci\u00f3n de la temporalidad en el empleo p\u00fablico, con el objetivo de disminuir la temporalidad del conjunto de las administraciones p\u00fablicas por debajo del 8%.<\/p>\n<p>La Ley presenta una modificaci\u00f3n del art\u00edculo 10 del Estatuto B\u00e1sico del Empleado P\u00fablico aprobando la compensaci\u00f3n de 20 d\u00edas por a\u00f1o trabajado con el l\u00edmite de 12 mensualidades para superar el l\u00edmite de 3 a\u00f1os.<\/p>\n<p>Para el personal interino se establece un proceso de selecci\u00f3n en el que un 40% ser\u00e1 fase de concurso y un 60% la oposici\u00f3n en la plaza. Tambi\u00e9n se establecer\u00e1 un baremo de m\u00e9ritos para que se tenga en cuenta la experiencia en el puesto de trabajo.<\/p>\n<p>Tambi\u00e9n establece una compensaci\u00f3n econ\u00f3mica por todos los trabajadores interinos que no obtengan la plaza y vean finalizada su relaci\u00f3n laboral por no poder superar el proceso de obtenci\u00f3n de la plaza.<\/p>\n<p>En el mismo sentido, el Tribunal Supremo avala el derecho de los trabajadores interinos a gozar del permiso para estudiar en las mismas condiciones que los trabajadores p\u00fablicos de car\u00e1cter fijo.<\/p>\n<p>El art\u00edculo 122 del Decreto legislativo 1\/1997, relativo al empleo p\u00fablico en la Generalidad de Catalu\u00f1a, excluye al personal eventual y al personal interino de la posibilidad de optar a permisos para realizar estudios relacionados con su puesto de trabajo . Este precepto contradice la normativa comunitaria que proh\u00edbe el trato diferenciado a los trabajadores en atenci\u00f3n a la duraci\u00f3n de sus contratos.<\/p>\n<p>En concreto el Tribunal Supremo destaca la cl\u00e1usula 4 de la Directiva 1999\/70\/CE que se\u00f1ala que: \u00abno podr\u00e1 tratarse a los trabajadores con un contrato de duraci\u00f3n determinada de una forma menos favorable que a los trabajadores fijos comparables por el mero hecho de tener un contrato de duraci\u00f3n determinada, salvo que se justifique un trato distinto por razones objetivas\u00bb.<\/p>\n<p>As\u00ed pues, dado que la normativa comunitaria goza de primac\u00eda sobre la normativa nacional, el Tribunal Supremo considera que el art\u00edculo 122 del Decreto legislativo 1\/1997 es inaplicable, reconocen as\u00ed el derecho de los trabajadores eventuales en el sector p\u00fablico a disfrutar de permisos para la formaci\u00f3n relacionada con el puesto de trabajo.<\/p>\n","protected":false},"excerpt":{"rendered":"<p>Aprobada la Ley 20\/2021, de 28 de diciembre, de medidas urgentes para la reducci\u00f3n de la temporalidad en el sector p\u00fablico, que introduce una serie de medidas para la reducci\u00f3n de la temporalidad en el empleo p\u00fablico.<\/p>\n","protected":false},"author":1,"featured_media":811,"comment_status":"open","ping_status":"open","sticky":false,"template":"","format":"standard","meta":{"footnotes":""},"categories":[5],"tags":[],"class_list":["post-813","post","type-post","status-publish","format-standard","has-post-thumbnail","hentry","category-sin-categorizar"],"_links":{"self":[{"href":"https:\/\/palleja.com\/es\/wp-json\/wp\/v2\/posts\/813","targetHints":{"allow":["GET"]}}],"collection":[{"href":"https:\/\/palleja.com\/es\/wp-json\/wp\/v2\/posts"}],"about":[{"href":"https:\/\/palleja.com\/es\/wp-json\/wp\/v2\/types\/post"}],"author":[{"embeddable":true,"href":"https:\/\/palleja.com\/es\/wp-json\/wp\/v2\/users\/1"}],"replies":[{"embeddable":true,"href":"https:\/\/palleja.com\/es\/wp-json\/wp\/v2\/comments?post=813"}],"version-history":[{"count":1,"href":"https:\/\/palleja.com\/es\/wp-json\/wp\/v2\/posts\/813\/revisions"}],"predecessor-version":[{"id":814,"href":"https:\/\/palleja.com\/es\/wp-json\/wp\/v2\/posts\/813\/revisions\/814"}],"wp:featuredmedia":[{"embeddable":true,"href":"https:\/\/palleja.com\/es\/wp-json\/wp\/v2\/media\/811"}],"wp:attachment":[{"href":"https:\/\/palleja.com\/es\/wp-json\/wp\/v2\/media?parent=813"}],"wp:term":[{"taxonomy":"category","embeddable":true,"href":"https:\/\/palleja.com\/es\/wp-json\/wp\/v2\/categories?post=813"},{"taxonomy":"post_tag","embeddable":true,"href":"https:\/\/palleja.com\/es\/wp-json\/wp\/v2\/tags?post=813"}],"curies":[{"name":"wp","href":"https:\/\/api.w.org\/{rel}","templated":true}]}}