{"id":831,"date":"2022-02-15T22:36:03","date_gmt":"2022-02-15T21:36:03","guid":{"rendered":"https:\/\/palleja.com\/?p=831"},"modified":"2022-02-15T22:36:03","modified_gmt":"2022-02-15T21:36:03","slug":"tramitacion-integral-de-subvenciones-por-nuevas-contrataciones-de-personas-en-la-empresa-fondo-europeos-next-generation","status":"publish","type":"post","link":"https:\/\/palleja.com\/es\/2022\/02\/15\/tramitacion-integral-de-subvenciones-por-nuevas-contrataciones-de-personas-en-la-empresa-fondo-europeos-next-generation\/","title":{"rendered":"TRAMITACI\u00d3N INTEGRAL DE SUBVENCIONES POR NUEVAS CONTRATACIONES DE PERSONAS EN LA EMPRESA \u2013 FONDO EUROPEOS NEXT GENERATION"},"content":{"rendered":"<p><strong>MUY IMPORTANTE L\u00cdNEA DE SUBVENCIONES POR LA CONTRATACI\u00d3N DE NUEVAS INCORPORACIONES DE PERSONAS EN LA EMPRESA<\/strong><\/p>\n<p>Se trata de tres l\u00edneas de subvenciones y que le tramitar\u00edamos de forma integral en nuestra Asesor\u00eda.<\/p>\n<ul>\n<li>Contrataci\u00f3n de\u00a0<strong>PERSONAS J\u00d3VENES<\/strong>. (Fecha l\u00edmite incorporaci\u00f3n: 28 de febrero de 2022)<\/li>\n<li>Contrataci\u00f3n de\u00a0<strong>PERSONAS J\u00d3VENES EN PR\u00c1CTICAS<\/strong>. (Fecha l\u00edmite incorporaci\u00f3n: 31 de marzo de 2022)<\/li>\n<li>Contrataci\u00f3n de\u00a0<strong>PERSONAS DE 30 Y M\u00c1S A\u00d1OS<\/strong>. (Fecha l\u00edmite incorporaci\u00f3n: 31 de mayo de 2022)<\/li>\n<\/ul>\n<p>Es necesario tener muy en cuenta la fecha l\u00edmite de incorporaci\u00f3n y presentaci\u00f3n de las convocatorias.<\/p>\n<p><span style=\"text-decoration: underline;\"><strong>NO DEJE PASAR ESTA OPORTUNIDAD!!!<\/strong><\/span><br \/>\n<span style=\"text-decoration: underline;\"><strong>LLEVAMOS A CABO LA GESTI\u00d3N INTEGRAL DE ACCESO A LOS FONDOS DE LA SUBVENCI\u00d3N!!!<\/strong><\/span><\/p>\n<p>Solicite m\u00e1s informaci\u00f3n a nuestro departamento Laboral y de Recursos Humanos (<b><a href=\"mailto:info@palleja.com\">info@palleja.com<\/a><\/b>) y les orientaremos sobre la posibilidad y viabilidad de la petici\u00f3n, y les presupuestaremos su tramitaci\u00f3n.<\/p>\n<p><span style=\"color: #ff0000;\"><strong><a style=\"color: #ff0000;\" href=\"\/wp-content\/uploads\/2022\/02\/Resolucio\u0301-EMT.pdf\" target=\"_blank\" rel=\"noopener noreferrer\">+ info\/requisitos convocatorias Resolucio\u0301n EMT<\/a><\/strong><\/span><\/p>\n<p>&nbsp;<\/p>\n","protected":false},"excerpt":{"rendered":"<p>MUY IMPORTANTE L\u00cdNEA DE SUBVENCIONES POR LA CONTRATACI\u00d3N DE NUEVAS INCORPORACIONES DE PERSONAS EN LA EMPRESA<\/p>\n<p>Se trata de tres l\u00edneas de subvenciones y que le tramitar\u00edamos de forma integral en nuestra Asesor\u00eda.<\/p>\n","protected":false},"author":1,"featured_media":829,"comment_status":"open","ping_status":"open","sticky":false,"template":"","format":"standard","meta":{"footnotes":""},"categories":[5],"tags":[],"class_list":["post-831","post","type-post","status-publish","format-standard","has-post-thumbnail","hentry","category-sin-categorizar"],"_links":{"self":[{"href":"https:\/\/palleja.com\/es\/wp-json\/wp\/v2\/posts\/831","targetHints":{"allow":["GET"]}}],"collection":[{"href":"https:\/\/palleja.com\/es\/wp-json\/wp\/v2\/posts"}],"about":[{"href":"https:\/\/palleja.com\/es\/wp-json\/wp\/v2\/types\/post"}],"author":[{"embeddable":true,"href":"https:\/\/palleja.com\/es\/wp-json\/wp\/v2\/users\/1"}],"replies":[{"embeddable":true,"href":"https:\/\/palleja.com\/es\/wp-json\/wp\/v2\/comments?post=831"}],"version-history":[{"count":1,"href":"https:\/\/palleja.com\/es\/wp-json\/wp\/v2\/posts\/831\/revisions"}],"predecessor-version":[{"id":832,"href":"https:\/\/palleja.com\/es\/wp-json\/wp\/v2\/posts\/831\/revisions\/832"}],"wp:featuredmedia":[{"embeddable":true,"href":"https:\/\/palleja.com\/es\/wp-json\/wp\/v2\/media\/829"}],"wp:attachment":[{"href":"https:\/\/palleja.com\/es\/wp-json\/wp\/v2\/media?parent=831"}],"wp:term":[{"taxonomy":"category","embeddable":true,"href":"https:\/\/palleja.com\/es\/wp-json\/wp\/v2\/categories?post=831"},{"taxonomy":"post_tag","embeddable":true,"href":"https:\/\/palleja.com\/es\/wp-json\/wp\/v2\/tags?post=831"}],"curies":[{"name":"wp","href":"https:\/\/api.w.org\/{rel}","templated":true}]}}