{"id":950,"date":"2022-07-07T13:03:51","date_gmt":"2022-07-07T11:03:51","guid":{"rendered":"https:\/\/palleja.com\/?p=950"},"modified":"2022-07-07T13:03:51","modified_gmt":"2022-07-07T11:03:51","slug":"el-tribunal-de-justicia-de-la-union-europea-considera-que-los-trabajadores-indefinidos-no-fijos-de-las-administraciones-publicas-son-trabajadores-temporales","status":"publish","type":"post","link":"https:\/\/palleja.com\/es\/2022\/07\/07\/el-tribunal-de-justicia-de-la-union-europea-considera-que-los-trabajadores-indefinidos-no-fijos-de-las-administraciones-publicas-son-trabajadores-temporales\/","title":{"rendered":"El Tribunal de Justicia de la Uni\u00f3n Europea considera que los trabajadores indefinidos no fijos de las Administraciones P\u00fablicas son trabajadores temporales"},"content":{"rendered":"<p>El Tribunal se\u00f1ala que las Administraciones recurren a la contrataci\u00f3n temporal abusiva mediante una concatenaci\u00f3n de contratos eventuales hasta que no les queda otra opci\u00f3n que transformar el contrato en un contrato indefinido, ya que, de alguna manera necesitan cubrir el puesto de trabajo y es la Administraci\u00f3n la que obliga a realizar esta conversi\u00f3n en indefinido, pero al contrario que en el sector privado, no es posible convertir la relaci\u00f3n laboral en una relaci\u00f3n laboral fija, debido a que el acceso al empleo p\u00fablico se realiza mediante sistemas selectivos p\u00fablicos que, en todo caso, deben respetar los principios de igualdad, publicidad, m\u00e9rito y capacidad.<\/p>\n<p>Por tanto, se\u00f1ala que el contrato indefinido no fijo debe estar sometido a la obligaci\u00f3n de la Administraci\u00f3n P\u00fablica de cubrir esta plaza siguiendo el procedimiento reglamentario y que en el momento en que la plaza sea cubierta debe extinguirse el contrato. As\u00ed pues, podr\u00edamos decir que el Tribunal de Justicia de la Uni\u00f3n Europea considera los contratos indefinidos no fijos comparables con los contratos de interinidad, cuya duraci\u00f3n es hasta la finalizaci\u00f3n de la naturaleza contractual.<\/p>\n<p>En definitiva, el Tribunal concluye que la conversi\u00f3n de la relaci\u00f3n laboral en indefinida no es m\u00e1s que una \u201csanci\u00f3n\u201d por la concatenaci\u00f3n de contratos eventuales de duraci\u00f3n determinada, pero no modifica la naturaleza eventual de la contrataci\u00f3n.<\/p>\n","protected":false},"excerpt":{"rendered":"<p>El Tribunal se\u00f1ala que las Administraciones recurren a la contrataci\u00f3n temporal abusiva mediante una concatenaci\u00f3n de contratos eventuales hasta que no les queda otra opci\u00f3n que transformar el contrato en un contrato indefinido.<\/p>\n","protected":false},"author":1,"featured_media":953,"comment_status":"open","ping_status":"open","sticky":false,"template":"","format":"standard","meta":{"footnotes":""},"categories":[5],"tags":[],"class_list":["post-950","post","type-post","status-publish","format-standard","has-post-thumbnail","hentry","category-sin-categorizar"],"_links":{"self":[{"href":"https:\/\/palleja.com\/es\/wp-json\/wp\/v2\/posts\/950","targetHints":{"allow":["GET"]}}],"collection":[{"href":"https:\/\/palleja.com\/es\/wp-json\/wp\/v2\/posts"}],"about":[{"href":"https:\/\/palleja.com\/es\/wp-json\/wp\/v2\/types\/post"}],"author":[{"embeddable":true,"href":"https:\/\/palleja.com\/es\/wp-json\/wp\/v2\/users\/1"}],"replies":[{"embeddable":true,"href":"https:\/\/palleja.com\/es\/wp-json\/wp\/v2\/comments?post=950"}],"version-history":[{"count":1,"href":"https:\/\/palleja.com\/es\/wp-json\/wp\/v2\/posts\/950\/revisions"}],"predecessor-version":[{"id":951,"href":"https:\/\/palleja.com\/es\/wp-json\/wp\/v2\/posts\/950\/revisions\/951"}],"wp:featuredmedia":[{"embeddable":true,"href":"https:\/\/palleja.com\/es\/wp-json\/wp\/v2\/media\/953"}],"wp:attachment":[{"href":"https:\/\/palleja.com\/es\/wp-json\/wp\/v2\/media?parent=950"}],"wp:term":[{"taxonomy":"category","embeddable":true,"href":"https:\/\/palleja.com\/es\/wp-json\/wp\/v2\/categories?post=950"},{"taxonomy":"post_tag","embeddable":true,"href":"https:\/\/palleja.com\/es\/wp-json\/wp\/v2\/tags?post=950"}],"curies":[{"name":"wp","href":"https:\/\/api.w.org\/{rel}","templated":true}]}}